{"id":986,"date":"2026-04-24T09:12:25","date_gmt":"2026-04-24T09:12:25","guid":{"rendered":"https:\/\/vskoe.de\/?p=986"},"modified":"2026-04-24T09:12:26","modified_gmt":"2026-04-24T09:12:26","slug":"korbinians-apfelbaum-fuer-koenigsdorf","status":"publish","type":"post","link":"https:\/\/vskoe.de\/?p=986","title":{"rendered":"Korbinians-Apfelbaum f\u00fcr K\u00f6nigsdorf"},"content":{"rendered":"\n<p>Am Dienstag, den 14.10.2025 wurde auf dem Schulgel\u00e4nde ein Korbinians-Apfelbaum gepflanzt.<\/p>\n\n\n\n<p>Der Korbiniansapfel erinnert an den Apfelpfarrer Korbinian Aigner. Er z\u00fcchtete w\u00e4hrend seiner Inhaftierung im KZ Dachau diese Apfelsorte.<\/p>\n\n\n\n<p>Der Apfel steht heute f\u00fcr Widerstand, Leben und Erinnerung.<\/p>\n\n\n\n<figure class=\"wp-block-image size-large\"><img loading=\"lazy\" decoding=\"async\" width=\"768\" height=\"1024\" src=\"https:\/\/vskoe.de\/wp-content\/uploads\/2025\/10\/Baumpflanzung1-768x1024.jpg\" alt=\"\" class=\"wp-image-742\" srcset=\"https:\/\/vskoe.de\/wp-content\/uploads\/2025\/10\/Baumpflanzung1-768x1024.jpg 768w, https:\/\/vskoe.de\/wp-content\/uploads\/2025\/10\/Baumpflanzung1-225x300.jpg 225w, https:\/\/vskoe.de\/wp-content\/uploads\/2025\/10\/Baumpflanzung1-1152x1536.jpg 1152w, https:\/\/vskoe.de\/wp-content\/uploads\/2025\/10\/Baumpflanzung1-1536x2048.jpg 1536w, https:\/\/vskoe.de\/wp-content\/uploads\/2025\/10\/Baumpflanzung1-1140x1520.jpg 1140w, https:\/\/vskoe.de\/wp-content\/uploads\/2025\/10\/Baumpflanzung1-scaled.jpg 1920w\" sizes=\"auto, (max-width: 768px) 100vw, 768px\" \/><\/figure>\n","protected":false},"excerpt":{"rendered":"<p>Am Dienstag, den 14.10.2025 wurde auf dem Schulgel\u00e4nde ein Korbinians-Apfelbaum gepflanzt. Der Korbiniansapfel erinnert an den Apfelpfarrer Korbinian Aigner. Er z\u00fcchtete w\u00e4hrend seiner Inhaftierung im KZ Dachau diese Apfelsorte. Der Apfel steht heute f\u00fcr Widerstand, Leben und Erinnerung.<\/p>\n","protected":false},"author":2,"featured_media":741,"comment_status":"closed","ping_status":"closed","sticky":false,"template":"","format":"standard","meta":{"footnotes":""},"categories":[5],"tags":[],"class_list":["post-986","post","type-post","status-publish","format-standard","has-post-thumbnail","hentry","category-schulleben"],"_links":{"self":[{"href":"https:\/\/vskoe.de\/index.php?rest_route=\/wp\/v2\/posts\/986","targetHints":{"allow":["GET"]}}],"collection":[{"href":"https:\/\/vskoe.de\/index.php?rest_route=\/wp\/v2\/posts"}],"about":[{"href":"https:\/\/vskoe.de\/index.php?rest_route=\/wp\/v2\/types\/post"}],"author":[{"embeddable":true,"href":"https:\/\/vskoe.de\/index.php?rest_route=\/wp\/v2\/users\/2"}],"replies":[{"embeddable":true,"href":"https:\/\/vskoe.de\/index.php?rest_route=%2Fwp%2Fv2%2Fcomments&post=986"}],"version-history":[{"count":1,"href":"https:\/\/vskoe.de\/index.php?rest_route=\/wp\/v2\/posts\/986\/revisions"}],"predecessor-version":[{"id":987,"href":"https:\/\/vskoe.de\/index.php?rest_route=\/wp\/v2\/posts\/986\/revisions\/987"}],"wp:featuredmedia":[{"embeddable":true,"href":"https:\/\/vskoe.de\/index.php?rest_route=\/wp\/v2\/media\/741"}],"wp:attachment":[{"href":"https:\/\/vskoe.de\/index.php?rest_route=%2Fwp%2Fv2%2Fmedia&parent=986"}],"wp:term":[{"taxonomy":"category","embeddable":true,"href":"https:\/\/vskoe.de\/index.php?rest_route=%2Fwp%2Fv2%2Fcategories&post=986"},{"taxonomy":"post_tag","embeddable":true,"href":"https:\/\/vskoe.de\/index.php?rest_route=%2Fwp%2Fv2%2Ftags&post=986"}],"curies":[{"name":"wp","href":"https:\/\/api.w.org\/{rel}","templated":true}]}}